{"id":650,"date":"2022-12-21T16:43:51","date_gmt":"2022-12-21T15:43:51","guid":{"rendered":"http:\/\/54.220.254.99\/?p=650"},"modified":"2024-01-24T14:10:22","modified_gmt":"2024-01-24T12:10:22","slug":"que-es-la-brecha-digital","status":"publish","type":"post","link":"https:\/\/www.bookkercorp.com\/en\/que-es-la-brecha-digital\/","title":{"rendered":"\u00bfQu\u00e9 es la brecha digital y a qui\u00e9n afecta m\u00e1s?"},"content":{"rendered":"\n<p>El mundo avanza y cada vez es m\u00e1s importante contar con un acceso a internet de calidad y de los dispositivos necesarios para ello.<\/p>\n\n\n\n<p>\u200d<\/p>\n\n\n\n<p>En este contexto, entendemos por&nbsp;<strong>brecha digital&nbsp;<\/strong>la diferencia de oportunidades de acceso de las personas a las TIC y a internet. En una realidad tan dependiente de las tecnolog\u00edas como en la que nos movemos hoy d\u00eda, es un problema muy a tener en cuenta.<\/p>\n\n\n\n<p>\u200d<\/p>\n\n\n\n<p>La tecnolog\u00eda condiciona todos los aspectos de la vida diaria, entre ellos, el trabajo. La dificultad de entender y acceder a esta marca diferencias entre empleados, mermando las posibilidades de encontrar un empleo a quienes quedan rezagados en su adopci\u00f3n.<\/p>\n\n\n\n<p>\u200d<\/p>\n\n\n\n<h2 class=\"wp-block-heading\">\u00bfCu\u00e1l es la definici\u00f3n de brecha digital?<\/h2>\n\n\n\n<p>\u200d<\/p>\n\n\n\n<p>Los&nbsp;<strong>avances tecnol\u00f3gicos<\/strong>&nbsp;han cambiado la forma que tenemos de relacionarnos, y, tambi\u00e9n, de trabajar. Sus aplicaciones est\u00e1n teniendo un impacto muy positivo en diferentes \u00e1reas y la tendencia es la de avanzar hacia un mundo cada vez m\u00e1s digitalizado.<\/p>\n\n\n\n<p>\u200d<\/p>\n\n\n\n<p>La vida de las personas es m\u00e1s f\u00e1cil con la tecnolog\u00eda. Ahora es posible tener un empleo sin tener que ir a una oficina f\u00edsica o hablar en tiempo real con una persona que viva a horas de distancia. Las personas m\u00e1s afectadas por la&nbsp;<strong>brecha digital<\/strong>&nbsp;no se benefician de estos avances como deber\u00edan.<\/p>\n\n\n\n<p>\u200d<\/p>\n\n\n\n<p>La distancia entre quienes tienen acceso a internet y a estas tecnolog\u00edas es cada vez mayor. Muchos no pueden seguir el ritmo que marca el propio desarrollo y corren el riesgo de&nbsp;<strong>quedar en grave desventaja<\/strong>&nbsp;frente a quienes adoptan las novedades tecnol\u00f3gicas.<\/p>\n\n\n\n<p>\u200d<\/p>\n\n\n\n<p>Esta diferencia en la posibilidad de acceso a las tecnolog\u00edas de la informaci\u00f3n, hace que puedan ser percibidas como algo negativo. El gran reto pasa por&nbsp;<strong>reducir la brecha digital&nbsp;<\/strong>y que las TIC e internet est\u00e9n al alcance de todos. Ya no son un lujo, sino una necesidad m\u00e1s en nuestra sociedad.<\/p>\n\n\n\n<p>\u200d<\/p>\n\n\n\n<p>La<strong>&nbsp;Uni\u00f3n Internacional de Telecomunicacione<\/strong>s (UIT)&nbsp; apuntaba en&nbsp;<a href=\"https:\/\/www.itu.int\/es\/mediacentre\/Pages\/PR-2021-11-29-FactsFigures.aspx\" target=\"_blank\" rel=\"noopener\">un estudio de 2021<\/a>&nbsp;que 2.900 de personas en el mundo nunca han accedido a internet. Destaca que la capacidad de conexi\u00f3n sigue siendo desigual en el planeta y que la pandemia ha dinamizado la implantaci\u00f3n de la red.<\/p>\n\n\n\n<p>\u200d<\/p>\n\n\n\n<h3 class=\"wp-block-heading\">Tipos de brecha digital<\/h3>\n\n\n\n<p>\u200d<\/p>\n\n\n\n<p>La mayor\u00eda de los estudios coinciden en se\u00f1alar que existen hasta tres tipos seg\u00fan sus caracter\u00edsticas:<\/p>\n\n\n\n<p>\u200d<\/p>\n\n\n\n<ul class=\"wp-block-list\">\n<li><strong>Brecha de acceso.<\/strong>&nbsp;Hace referencia a la diferencia de posibilidades de poder disponer de Tecnolog\u00edas de la Informaci\u00f3n. Normalmente viene determinada por diferencias socioecon\u00f3micas.&nbsp;<\/li>\n\n\n\n<li><strong>Brecha de uso.&nbsp;<\/strong>Est\u00e1 determinada por la falta de competencias y habilidades para usar estas herramientas. Una barrera muy frecuente en este tipo es la edad de sus usuarios o su nivel educativo.<\/li>\n\n\n\n<li><strong>Brecha de calidad de uso.<\/strong>&nbsp;Es posible tener acceso a tecnolog\u00eda y tener competencias para su uso pero no ser capaz de hacer un buen uso de esta. Son personas que no pueden obtener contenido de calidad en la web y no le sacan todo el rendimiento posible a la misma.&nbsp;<\/li>\n<\/ul>\n\n\n\n<p>\u200d<\/p>\n\n\n\n<p>Tambi\u00e9n existen estas diferencias de acceso a la tecnolog\u00eda por los siguientes motivos:<\/p>\n\n\n\n<p>\u200d<\/p>\n\n\n\n<ul class=\"wp-block-list\">\n<li><strong>Edad.&nbsp;<\/strong>Afecta m\u00e1s a las personas mayores de 50 a\u00f1os.<\/li>\n\n\n\n<li><strong>G\u00e9nero.&nbsp;<\/strong>Las mujeres son las m\u00e1s perjudicadas en este sentido.<\/li>\n\n\n\n<li><strong>Social y Econ\u00f3mica.<\/strong>&nbsp;El poder adquisitivo marca una barrera de acceso a las tecnolog\u00edas de la informaci\u00f3n.&nbsp;<\/li>\n\n\n\n<li><strong>Por discapacidad.<\/strong>&nbsp;Aunque la web es cada vez m\u00e1s accesible, las personas con deficiencias f\u00edsicas o ps\u00edquicas tienen m\u00e1s trabas para usar estas tecnolog\u00edas.<\/li>\n\n\n\n<li><strong>Por idioma.<\/strong>&nbsp;La mayor\u00eda del conocimiento online est\u00e1 en ingl\u00e9s, lo que supone un impedimento para las personas sin competencias b\u00e1sicas en esta lengua.&nbsp;<\/li>\n<\/ul>\n\n\n\n<p>\u200d<\/p>\n\n\n\n<h2 class=\"wp-block-heading\">\u00bfC\u00f3mo afecta la brecha digital en el mundo laboral?<\/h2>\n\n\n\n<p>\u200d<\/p>\n\n\n\n<p>El&nbsp;<strong>covid-19<\/strong>&nbsp;ha supuesto un antes y un despu\u00e9s en nuestras vidas. Muchas cosas no volver\u00e1n a ser como antes o tardar\u00e1n en volver a su<em>&nbsp;statu quo<\/em>. En el entorno laboral se han producido cambios notables, dando pie a nuevas realidades como el teletrabajo, el&nbsp;<a href=\"https:\/\/www.bookkercorp.com\/futuro-del-trabajo\/\" data-type=\"link\" data-id=\"https:\/\/www.bookkercorp.com\/futuro-del-trabajo\/\">trabajo h\u00edbrido<\/a>&nbsp;o el&nbsp;<em>smart working<\/em>.&nbsp;<\/p>\n\n\n\n<p>\u200d<\/p>\n\n\n\n<p>Tambi\u00e9n se han incorporado nuevas formas de comunicarse, como las videollamadas, que requieren de un gran ancho de banda para funcionar correctamente.&nbsp;<\/p>\n\n\n\n<p>\u200d<\/p>\n\n\n\n<p>Estos nuevos modelos, a la vez que han supuesto una revoluci\u00f3n, han evidenciado a\u00fan m\u00e1s la existencia de una brecha digital. Las desigualdades se hacen notables para quienes no poseen una&nbsp;<strong>conexi\u00f3n de calidad<\/strong>&nbsp;y\/o de las herramientas necesarias para hacer su trabajo de manera flexible.&nbsp;<\/p>\n\n\n\n<p>\u200d<\/p>\n\n\n\n<p>Justo antes de la pandemia, en 2019, la OCDE se\u00f1alaba que&nbsp;<a href=\"https:\/\/www.oecd.org\/centrodemexico\/medios\/losriesgosdeautomatizaciondeltrabajovarianmuchoentrelasdiferentesregionesdelospaisesafirmalaocde.htm\" target=\"_blank\" rel=\"noopener\">el 32% de los trabajadores iba a sufrir cambios importantes<\/a>&nbsp;en sus puestos a corto plazo. Esto implicaba la adquisici\u00f3n de nuevas competencias digitales que no todos pod\u00edan asumir.&nbsp;<\/p>\n\n\n\n<p>\u200d<\/p>\n\n\n\n<p>En Espa\u00f1a, la adopci\u00f3n del llamado Empleo TIC y la adopci\u00f3n de nuevas tecnolog\u00edas est\u00e1 por detr\u00e1s de pa\u00edses como Trinidad y Tobago o Per\u00fa seg\u00fan el&nbsp;<a href=\"https:\/\/networkreadinessindex.org\/country\/spain\/\" target=\"_blank\" rel=\"noopener\">Network Readiness Index 2021<\/a>.Es un lastre del que es dif\u00edcil desprenderse en lo que se refiere a transformaci\u00f3n digital.<\/p>\n\n\n\n<p>\u200d<\/p>\n\n\n\n<p>La&nbsp;<strong>Uni\u00f3n Europea<\/strong>&nbsp;estima que&nbsp;<a href=\"https:\/\/www.rrhhdigital.com\/secciones\/formacion\/148820\/Claves-para-reducir-la-brecha-digital-en-el-mercado-laboral\" target=\"_blank\" rel=\"noopener\">el 45% de los empleos en 2022<\/a>&nbsp;se desarrollan en un marco digital, que crear\u00e1 200.000 nuevos puestos de trabajo en Espa\u00f1a.&nbsp; Adquirir competencias en tecnolog\u00edas se antoja fundamental para adaptarse al cambio, un escenario en el que es necesario reducir la brecha digital para ser m\u00e1s competitivos.&nbsp;<\/p>\n\n\n\n<p>\u200d<\/p>\n\n\n\n<p>En resumen, los&nbsp;<strong>trabajadores sin habilidades digitales<\/strong>, conexi\u00f3n a internet de calidad y dispositivos electr\u00f3nicos parten en desventaja en este nuevo mercado laboral. La mayor\u00eda de candidaturas se abren en estos momentos de forma online, por lo que hay personas que no tienen acceso a estas.<\/p>\n\n\n\n<p>\u200d<\/p>\n\n\n\n<h3 class=\"wp-block-heading\">Diferencias por edad<\/h3>\n\n\n\n<p>\u200d<\/p>\n\n\n\n<p>Uno de los conceptos m\u00e1s escuchados en Recursos Humanos en los \u00faltimos meses es el de&nbsp;<strong>\u2018edadismo\u2019<\/strong>. Hace referencia a la discriminaci\u00f3n que sufren muchos empleados que, a pesar de tener competencias laborales, son discriminados por tener m\u00e1s a\u00f1os de los deseados por los empleadores.<\/p>\n\n\n\n<p>\u200d<\/p>\n\n\n\n<p>La edad tambi\u00e9n es una variable a tener en cuenta en la brecha digital. El estudio&nbsp;<a href=\"https:\/\/www.fundacionseres.org\/Paginas\/Campus\/Informes.aspx?IDi=1149\" target=\"_blank\" rel=\"noopener\">Impacto de la digitalizaci\u00f3n en las personas<\/a>&nbsp;de la Fundaci\u00f3n Seres, apunta que solamente un 35% de las personas entre 55 y 74 a\u00f1os tiene competencias digitales b\u00e1sicas.&nbsp;<\/p>\n\n\n\n<p>\u200d<\/p>\n\n\n\n<p>Los mayores de 45 a\u00f1os tienen serios problemas para encontrar trabajo en parte debido a esta realidad. Es un problema estructural en especial para los mayores de 50, ya que el 50,2% de los&nbsp;<strong>parados de larga duraci\u00f3n<\/strong>&nbsp;est\u00e1n en este segmento de edad.&nbsp;<\/p>\n\n\n\n<p>\u200d<\/p>\n\n\n\n<h3 class=\"wp-block-heading\">Diferencias por lugar de residencia<\/h3>\n\n\n\n<p>\u200d<\/p>\n\n\n\n<p>El c\u00f3digo postal marca diferencias en el acceso al&nbsp;<a href=\"https:\/\/www.bookkercorp.com\/tendencias-espacios-trabajo\/\" data-type=\"link\" data-id=\"https:\/\/www.bookkercorp.com\/tendencias-espacios-trabajo\/\">trabajo digital<\/a>. Existen zonas en las que las conexiones de acceso son de baja calidad. Teletrabajar desde estas \u00e1reas no es una opci\u00f3n, por lo que los candidatos residentes en ellas,&nbsp;<strong>son menos empleables<\/strong>&nbsp;que los que viven en zonas con mejores instalaciones t\u00e9cnicas.<\/p>\n\n\n\n<p>\u200d<\/p>\n\n\n\n<p>Uno de los grandes problemas de la&nbsp;<strong>Espa\u00f1a Vaciada<\/strong>&nbsp;es precisamente esta brecha de acceso. En las zonas rurales, no solo es dif\u00edcil acceder a la fibra, sino que en ocasiones no llega ni el 3G, por no hablar del 4G o del 5G.<\/p>\n\n\n\n<p>\u200d<\/p>\n\n\n\n<p>En Espa\u00f1a,&nbsp;<a href=\"https:\/\/agroinformacion.com\/uno-de-cada-cinco-espanoles-vive-en-municipios-de-menos-de-10-000-habitantes\/\" target=\"_blank\" rel=\"noopener\">11 millones de personas viven en municipios de menos de 10.000 habitantes<\/a>. Un dato que da muestra de la dimensi\u00f3n del problema.&nbsp;<\/p>\n\n\n\n<p>\u200d<\/p>\n\n\n\n<p>No solamente hay una gran diferencia de acceso entre zonas rurales y urbanas. Tambi\u00e9n dentro de las mismas ciudades. As\u00ed, en los barrios m\u00e1s desfavorecidos, en aquellos en los que las&nbsp;<strong>infraestructuras<\/strong>&nbsp;tienen menos mantenimiento, el acceso a la tecnolog\u00eda y a la red es m\u00e1s limitado que en las zonas pudientes.&nbsp;<\/p>\n\n\n\n<p>\u200d<\/p>\n\n\n\n<h2 class=\"wp-block-heading\">\u00bfQu\u00e9 se puede hacer para reducirla?<\/h2>\n\n\n\n<p>\u200d<\/p>\n\n\n\n<p>La velocidad a la que est\u00e1 cambiando el mercado de trabajo requiere de soluciones para frenar la brecha digital. No contar con una buena conexi\u00f3n a internet o con la&nbsp;<a href=\"https:\/\/www.bookkercorp.com\/talento-cambio\/\" data-type=\"link\" data-id=\"https:\/\/www.bookkercorp.com\/talento-cambio\/\">tecnolog\u00eda<\/a>&nbsp;necesaria, est\u00e1 creando serias desigualdades laborales.<\/p>\n\n\n\n<p>\u200d<\/p>\n\n\n\n<p>La respuesta a este problema pasa por garantizar un acceso igualitario a las tecnolog\u00edas de la comunicaci\u00f3n. Algo para lo que es necesario lo siguiente:<\/p>\n\n\n\n<p>\u200d<\/p>\n\n\n\n<ul class=\"wp-block-list\">\n<li><strong>Internet barato y de calidad.<\/strong>&nbsp;El lugar de residencia y el nivel de renta condiciona el acceso a la red de millones de personas. Esto implica una inversi\u00f3n en infraestructuras.<\/li>\n\n\n\n<li><strong>Dispositivos t\u00e9cnicos.<\/strong>&nbsp;Aunque la implantaci\u00f3n del m\u00f3vil est\u00e1 en crecimiento en todo el planeta, hay millones de hogares sin un ordenador port\u00e1til.<\/li>\n\n\n\n<li><strong>Educaci\u00f3n.<\/strong>&nbsp;Dotar a las personas de la informaci\u00f3n necesaria para hacer un uso efectivo de la red. Los programas formativos para personas sin recursos pueden marcar la diferencia.&nbsp;<\/li>\n\n\n\n<li><strong>Participaci\u00f3n.<\/strong>&nbsp;Fomentar la autonom\u00eda de los usuarios y dotarlos de un papel activo en el cambio. Dar voz a las persona que ahora tienen m\u00e1s dificultad para acceder a las TIC para construir una nueva realidad.&nbsp;<\/li>\n<\/ul>\n\n\n\n<p>\u200d<\/p>\n\n\n\n<p>En Espa\u00f1a, est\u00e1 en marcha el eje Competencias Digitales del&nbsp;<a href=\"https:\/\/www.acelerapyme.gob.es\/novedades\/pildora\/conoce-las-medidas-del-plan-espana-digital-2025-para-reducir-la-brecha-digital-de\" target=\"_blank\" rel=\"noopener\"><strong>Plan Espa\u00f1a Digital 2025<\/strong><\/a>&nbsp;para dotar de habilidades a personas y pymes. Una iniciativa gubernamental que establece un total de 50 medidas para acabar con esta desigualdad de acceso.<\/p>\n\n\n\n<p>\u200d<\/p>\n\n\n\n<h2 class=\"wp-block-heading\">La brecha digital, un problema de todos<\/h2>\n\n\n\n<p>\u200d<\/p>\n\n\n\n<p>Existen una gran cantidad de factores que hace m\u00e1s dif\u00edcil el acceso a internet y a las tecnolog\u00edas de la informaci\u00f3n. La llamada&nbsp;<strong>brecha digital<\/strong>&nbsp;no solo la marca el poder adquisitivo, sino tambi\u00e9n la edad, el lugar de residencia, las competencias digitales o incluso el idioma.<\/p>\n\n\n\n<p>\u200d<\/p>\n\n\n\n<p>Para paliar esta situaci\u00f3n es necesario realizar una fuerte inversi\u00f3n en infraestructuras para garantizar el acceso a la red. M\u00e1s a\u00fan, teniendo en cuenta que la mayor\u00eda de las ofertas de trabajo se publican online y que el teletrabajo es una tendencia al alza en estos d\u00edas.<\/p>\n","protected":false},"excerpt":{"rendered":"<p>El mundo avanza y cada vez es m\u00e1s importante contar con un acceso a internet de calidad y de los dispositivos necesarios para ello. \u200d En este contexto, entendemos por&nbsp;brecha digital&nbsp;la diferencia de oportunidades de acceso de las personas a las TIC y a internet. En una realidad tan dependiente de las tecnolog\u00edas como en [&hellip;]<\/p>\n","protected":false},"author":5,"featured_media":1857,"comment_status":"open","ping_status":"open","sticky":false,"template":"","format":"standard","meta":{"_et_pb_use_builder":"off","_et_pb_old_content":"<!-- wp:paragraph -->\n<p>La pandemia ha cambiado la forma en la que las organizaciones disponen sus oficinas y espacios de trabajo. En este nuevo escenario, cada vez son m\u00e1s las empresas que apuestan por el&nbsp;<strong>trabajo h\u00edbrido<\/strong>, al ser una modalidad flexible y que se adapta a las necesidades de todas las partes implicadas.<\/p>\n<!-- \/wp:paragraph -->\n\n<!-- wp:paragraph -->\n<p>Y, precisamente, este nuevo escenario laboral fue el protagonista de la nueva edici\u00f3n de Di\u00e1logos 4.0, organizada por Atlas Tecnol\u00f3gico. Bajo el t\u00edtulo\u00a0<strong>\u2018Nuevos Espacios de Trabajo\u2019<\/strong>, varios profesionales del sector se reunieron para hablar sobre los retos que afrontan las empresas y las soluciones tecnol\u00f3gicas que permiten afrontarlos. Entre ellos, Miguel \u00c1ngel Orellana, CEO y representante de Bookker en este encuentro.<\/p>\n<!-- \/wp:paragraph -->\n\n<!-- wp:embed {\"url\":\"https:\/\/www.youtube.com\/watch?v=SEnU8wBiJSY\",\"type\":\"video\",\"providerNameSlug\":\"youtube\",\"responsive\":true,\"className\":\"wp-embed-aspect-16-9 wp-has-aspect-ratio\"} -->\n<figure class=\"wp-block-embed is-type-video is-provider-youtube wp-block-embed-youtube wp-embed-aspect-16-9 wp-has-aspect-ratio\"><div class=\"wp-block-embed__wrapper\">\nhttps:\/\/www.youtube.com\/watch?v=SEnU8wBiJSY\n<\/div><\/figure>\n<!-- \/wp:embed -->\n\n<!-- wp:paragraph -->\n<p>Adem\u00e1s de Miguel \u00c1ngel Orellana acudieron al evento&nbsp;<strong>Juan Jos\u00e9 Mart\u00ednez<\/strong>, CEO de Neworkia;&nbsp;&nbsp;<strong>Nuria Garc\u00eda<\/strong>, responsable de transformaci\u00f3n digital de ATOS;<strong>&nbsp;Miguel Barandalla<\/strong>, associate director de CBRE; y&nbsp;<strong>Alberto Blanco<\/strong>, director de Personas y Cultura para Espa\u00f1a y Latam de UST.<\/p>\n<!-- \/wp:paragraph -->\n\n<!-- wp:paragraph -->\n<p>Para Miguel \u00c1ngel Orellana, \u201chemos pasado de un escenario en el que todo el mundo iba a la oficina a sentarse en su silla a otro en el que hab\u00eda que gestionar la vuelta en entornos de seguridad por la pandemia\u201d. \u201cDe ah\u00ed&nbsp;<strong>hemos entrado en un nuevo momento&nbsp;<\/strong>en el que hay que aprender c\u00f3mo ir a trabajar y c\u00f3mo gestionar los recursos de la oficina\u201d, a\u00f1ade.<\/p>\n<!-- \/wp:paragraph -->\n\n<!-- wp:paragraph -->\n<p>El encuentro entre expertos sirvi\u00f3 para llegar a interesantes conclusiones. Una de ellas es que el incremento de la&nbsp;<strong>toma de datos<\/strong>&nbsp;y de<strong>&nbsp;monitorizaci\u00f3n<\/strong>&nbsp;no deber\u00eda alterar las relaciones dentro de los espacios de trabajo. Otra idea que sali\u00f3 a colaci\u00f3n fue el hecho de que la pandemia ha supuesto un \u201ccambio de chip\u201d, seg\u00fan Miguel \u00c1ngel Orellana, dando pie a una mayor aceptaci\u00f3n de espacios de trabajo flexibles.&nbsp;<\/p>\n<!-- \/wp:paragraph -->\n\n<!-- wp:paragraph -->\n<p>Y, tan importante como la adaptaci\u00f3n, es el&nbsp;<strong>tiempo<\/strong>. El momento de tomar decisiones es ahora, si no ser\u00e1 tarde.&nbsp;<\/p>\n<!-- \/wp:paragraph -->\n\n<!-- wp:paragraph -->\n<p>Gracias a Atlas Tecnol\u00f3gico por invitarnos a este nuevo encuentro. Te compartimos su&nbsp;<a href=\"https:\/\/atlastecnologico.com\/de-la-oficina-del-yo-a-los-espacios-del-nosotros-reaprender-a-gestionar-recursos-fisicos-en-la-era-del-trabajo-hibrido\/\">art\u00edculo completo<\/a>&nbsp;y el&nbsp;<a href=\"https:\/\/open.spotify.com\/episode\/3rq9xqtfQoOr7wds5RfjOv?si=-08vu4iUS5OGDDdSG1xnhA&amp;nd=1\">podcast de Di\u00e1logos 4.0<\/a>.<\/p>\n<!-- \/wp:paragraph -->\n\n<!-- wp:gallery {\"linkTo\":\"none\"} -->\n<figure class=\"wp-block-gallery has-nested-images columns-default is-cropped\"><!-- wp:image {\"id\":519,\"sizeSlug\":\"large\",\"linkDestination\":\"none\"} -->\n<figure class=\"wp-block-image size-large\"><img src=\"https:\/\/www.bookkercorp.com\/wp-content\/uploads\/2022\/12\/AR_3.png\" alt=\"\" class=\"wp-image-519\"\/><\/figure>\n<!-- \/wp:image -->\n\n<!-- wp:image {\"id\":517,\"sizeSlug\":\"large\",\"linkDestination\":\"none\"} -->\n<figure class=\"wp-block-image size-large\"><img src=\"https:\/\/www.bookkercorp.com\/wp-content\/uploads\/2022\/12\/AR_2.png\" alt=\"\" class=\"wp-image-517\"\/><\/figure>\n<!-- \/wp:image -->\n\n<!-- wp:image {\"id\":469,\"sizeSlug\":\"large\",\"linkDestination\":\"none\"} -->\n<figure class=\"wp-block-image size-large\"><img src=\"https:\/\/www.bookkercorp.com\/wp-content\/uploads\/2022\/12\/Puestos-image-2.png\" alt=\"\" class=\"wp-image-469\"\/><\/figure>\n<!-- \/wp:image --><\/figure>\n<!-- \/wp:gallery -->","_et_gb_content_width":"","footnotes":""},"categories":[24],"tags":[],"wf_post_folders":[22],"class_list":["post-650","post","type-post","status-publish","format-standard","has-post-thumbnail","hentry","category-bookker-blog"],"_links":{"self":[{"href":"https:\/\/www.bookkercorp.com\/en\/wp-json\/wp\/v2\/posts\/650","targetHints":{"allow":["GET"]}}],"collection":[{"href":"https:\/\/www.bookkercorp.com\/en\/wp-json\/wp\/v2\/posts"}],"about":[{"href":"https:\/\/www.bookkercorp.com\/en\/wp-json\/wp\/v2\/types\/post"}],"author":[{"embeddable":true,"href":"https:\/\/www.bookkercorp.com\/en\/wp-json\/wp\/v2\/users\/5"}],"replies":[{"embeddable":true,"href":"https:\/\/www.bookkercorp.com\/en\/wp-json\/wp\/v2\/comments?post=650"}],"version-history":[{"count":5,"href":"https:\/\/www.bookkercorp.com\/en\/wp-json\/wp\/v2\/posts\/650\/revisions"}],"predecessor-version":[{"id":3465,"href":"https:\/\/www.bookkercorp.com\/en\/wp-json\/wp\/v2\/posts\/650\/revisions\/3465"}],"wp:featuredmedia":[{"embeddable":true,"href":"https:\/\/www.bookkercorp.com\/en\/wp-json\/wp\/v2\/media\/1857"}],"wp:attachment":[{"href":"https:\/\/www.bookkercorp.com\/en\/wp-json\/wp\/v2\/media?parent=650"}],"wp:term":[{"taxonomy":"category","embeddable":true,"href":"https:\/\/www.bookkercorp.com\/en\/wp-json\/wp\/v2\/categories?post=650"},{"taxonomy":"post_tag","embeddable":true,"href":"https:\/\/www.bookkercorp.com\/en\/wp-json\/wp\/v2\/tags?post=650"},{"taxonomy":"wf_post_folders","embeddable":true,"href":"https:\/\/www.bookkercorp.com\/en\/wp-json\/wp\/v2\/wf_post_folders?post=650"}],"curies":[{"name":"wp","href":"https:\/\/api.w.org\/{rel}","templated":true}]}}